{"id":299,"date":"2023-09-04T21:38:19","date_gmt":"2023-09-05T01:38:19","guid":{"rendered":"https:\/\/vsni.org\/?p=299"},"modified":"2023-09-07T22:44:53","modified_gmt":"2023-09-08T02:44:53","slug":"lendettement-etouffe-leconomie-du-niger-selon-le-premier-ministre-ali-lamine-zeine","status":"publish","type":"post","link":"https:\/\/wafakay.org\/index.php\/2023\/09\/04\/lendettement-etouffe-leconomie-du-niger-selon-le-premier-ministre-ali-lamine-zeine\/","title":{"rendered":"L\u2019endettement \u00e9touffe l\u2019\u00e9conomie du Niger selon le premier ministre Ali Lamine Zeine"},"content":{"rendered":"\n<figure class=\"wp-block-image size-full is-resized\"><img loading=\"lazy\" decoding=\"async\" src=\"https:\/\/vsni.org\/wp-content\/uploads\/2023\/09\/Endette-Niger-2023.png\" alt=\"\" class=\"wp-image-337\" style=\"width:478px;height:287px\" width=\"478\" height=\"287\" srcset=\"https:\/\/wafakay.org\/wp-content\/uploads\/2023\/09\/Endette-Niger-2023.png 752w, https:\/\/wafakay.org\/wp-content\/uploads\/2023\/09\/Endette-Niger-2023-300x180.png 300w\" sizes=\"auto, (max-width: 478px) 100vw, 478px\" \/><\/figure>\n\n\n\n<p>Selon le premier Ministre du Niger, Ali Lamine Zeine le stock de la dette du Niger en date du 04 septembre 2023, estim\u00e9 \u00e0  5 200 milliards de francs CFA, soit environ 8.56 milliards de dollars US.<\/p>\n\n\n\n<p>Dans le rapport du Minist\u00e8re des Finances, Strat\u00e9gie d\u2019endettement public du Niger pour la p\u00e9riode de 2021-2023, le stock de la dette publique \u00e9tait de 3 510 milliards de FCFA au 31 d\u00e9cembre 2020, incluant une dette ext\u00e9rieure de 1 883 milliards soit 53.60%.<\/p>\n\n\n\n<p>Donc entre le 01 janvier 2021 et le 04 septembre 2023, la dette publique du Niger a augment\u00e9 de 1 690 milliards soit une augmentation de 48%. <\/p>\n\n\n\n<p>Comment expliqu\u00e9 une telle augmentation en moins de 3 ans ?<\/p>\n\n\n\n<p>Ainsi le gouvernement de Bazoum Mohamed laisse \u00e0 l\u2019\u00c9tat du Niger un remboursement annuel au titre du service de la dette d\u2019un montant de 858 &nbsp;milliards de CFA, soit plus de 3.2 fois la masse salariale annuelle!<\/p>\n\n\n\n<p>Le minist\u00e8re des Finances se doit d\u2019apporter plus de d\u00e9tails aux citoyens nig\u00e9riens ainsi qu\u2019aux bailleurs de fonds sur l&rsquo;utilisation des fonds d\u00e9coulant de cet endettement excessif.<\/p>\n","protected":false},"excerpt":{"rendered":"<p>Selon le premier Ministre du Niger, Ali Lamine Zeine le stock de la dette du Niger en date du 04 septembre 2023, estim\u00e9 \u00e0 5 200 milliards de francs CFA, soit environ 8.56 milliards de dollars US. Dans le rapport du Minist\u00e8re des Finances, Strat\u00e9gie d\u2019endettement public du Niger pour la p\u00e9riode de 2021-2023, le [&hellip;]<\/p>\n","protected":false},"author":2,"featured_media":0,"comment_status":"closed","ping_status":"open","sticky":false,"template":"","format":"standard","meta":{"footnotes":""},"categories":[8],"tags":[],"class_list":["post-299","post","type-post","status-publish","format-standard","hentry","category-finance"],"_links":{"self":[{"href":"https:\/\/wafakay.org\/index.php\/wp-json\/wp\/v2\/posts\/299","targetHints":{"allow":["GET"]}}],"collection":[{"href":"https:\/\/wafakay.org\/index.php\/wp-json\/wp\/v2\/posts"}],"about":[{"href":"https:\/\/wafakay.org\/index.php\/wp-json\/wp\/v2\/types\/post"}],"author":[{"embeddable":true,"href":"https:\/\/wafakay.org\/index.php\/wp-json\/wp\/v2\/users\/2"}],"replies":[{"embeddable":true,"href":"https:\/\/wafakay.org\/index.php\/wp-json\/wp\/v2\/comments?post=299"}],"version-history":[{"count":4,"href":"https:\/\/wafakay.org\/index.php\/wp-json\/wp\/v2\/posts\/299\/revisions"}],"predecessor-version":[{"id":338,"href":"https:\/\/wafakay.org\/index.php\/wp-json\/wp\/v2\/posts\/299\/revisions\/338"}],"wp:attachment":[{"href":"https:\/\/wafakay.org\/index.php\/wp-json\/wp\/v2\/media?parent=299"}],"wp:term":[{"taxonomy":"category","embeddable":true,"href":"https:\/\/wafakay.org\/index.php\/wp-json\/wp\/v2\/categories?post=299"},{"taxonomy":"post_tag","embeddable":true,"href":"https:\/\/wafakay.org\/index.php\/wp-json\/wp\/v2\/tags?post=299"}],"curies":[{"name":"wp","href":"https:\/\/api.w.org\/{rel}","templated":true}]}}